{"id":785,"date":"2018-11-10T09:57:51","date_gmt":"2018-11-10T09:57:51","guid":{"rendered":"http:\/\/przedszkole12nowasol.pl\/?p=785"},"modified":"2018-11-10T09:57:51","modified_gmt":"2018-11-10T09:57:51","slug":"biblioteka-to-dobre-miejsce-dla-kazdego-czlowieka","status":"publish","type":"post","link":"https:\/\/przedszkole12nowasol.pl\/?p=785","title":{"rendered":"Biblioteka to dobre miejsce dla ka\u017cdego cz\u0142owieka."},"content":{"rendered":"<p><img fetchpriority=\"high\" decoding=\"async\" class=\"alignnone size-full wp-image-786\" src=\"http:\/\/przedszkole12nowasol.pl\/wp-content\/uploads\/2018\/11\/DSC0608.jpg\" alt=\"\" width=\"3008\" height=\"2000\" srcset=\"https:\/\/przedszkole12nowasol.pl\/wp-content\/uploads\/2018\/11\/DSC0608.jpg 3008w, https:\/\/przedszkole12nowasol.pl\/wp-content\/uploads\/2018\/11\/DSC0608-300x199.jpg 300w, https:\/\/przedszkole12nowasol.pl\/wp-content\/uploads\/2018\/11\/DSC0608-768x511.jpg 768w, https:\/\/przedszkole12nowasol.pl\/wp-content\/uploads\/2018\/11\/DSC0608-1024x681.jpg 1024w, https:\/\/przedszkole12nowasol.pl\/wp-content\/uploads\/2018\/11\/DSC0608-451x300.jpg 451w\" sizes=\"(max-width: 3008px) 100vw, 3008px\" \/><\/p>\n<p><strong>\u00a0 \u00a0 <span style=\"font-size: 14pt;\">\u00a0\u00a0<\/span><\/strong><span style=\"font-size: 14pt;\">6 XI 2018 r dzieci z grupy 5-6 latk\u00f3w wybra\u0142y si\u0119 na wycieczk\u0119 piesz\u0105 do biblioteki dzieci\u0119cej Biblu\u015b. Mia\u0142y okazj\u0119 obejrze\u0107 nie tylko poka\u017any ksi\u0119gozbi\u00f3r przeznaczony specjalnie dla nich, ale r\u00f3wnie\u017c zapozna\u0142y si\u0119 ze sposobem wypo\u017cyczania ksi\u0105\u017cek. Ponadto bra\u0142y aktywny udzia\u0142 w zaj\u0119ciach z okazji 100 rocznicy odzyskania przez Polsk\u0119 niepodleg\u0142o\u015bci wykazuj\u0105c si\u0119 bogat\u0105 wiedz\u0105 w tym temacie.<\/span><\/p>\n<p><span style=\"font-size: 14pt;\"><strong>Zapraszamy do obejrzenia zdj\u0119\u0107 w galerii w linku poni\u017cej:<\/strong><\/span><\/p>\n<p><a href=\"https:\/\/photos.app.goo.gl\/kDduTisQVEZ6aNa5A\">https:\/\/photos.app.goo.gl\/kDduTisQVEZ6aNa5A<\/a><\/p>\n<p>&nbsp;<\/p>\n","protected":false},"excerpt":{"rendered":"<p>\u00a0 \u00a0 \u00a0\u00a06 XI 2018 r dzieci z grupy 5-6 latk\u00f3w wybra\u0142y si\u0119 na wycieczk\u0119 piesz\u0105 do biblioteki dzieci\u0119cej Biblu\u015b. Mia\u0142y okazj\u0119 obejrze\u0107 nie tylko poka\u017any ksi\u0119gozbi\u00f3r przeznaczony specjalnie dla nich, ale r\u00f3wnie\u017c zapozna\u0142y si\u0119 ze sposobem wypo\u017cyczania ksi\u0105\u017cek. Ponadto bra\u0142y aktywny udzia\u0142 w zaj\u0119ciach z okazji 100 rocznicy odzyskania &hellip;<\/p>\n","protected":false},"author":1,"featured_media":0,"comment_status":"closed","ping_status":"open","sticky":false,"template":"","format":"standard","meta":{"footnotes":""},"categories":[17],"tags":[],"class_list":["post-785","post","type-post","status-publish","format-standard","hentry","category-aktualnosci"],"_links":{"self":[{"href":"https:\/\/przedszkole12nowasol.pl\/index.php?rest_route=\/wp\/v2\/posts\/785","targetHints":{"allow":["GET"]}}],"collection":[{"href":"https:\/\/przedszkole12nowasol.pl\/index.php?rest_route=\/wp\/v2\/posts"}],"about":[{"href":"https:\/\/przedszkole12nowasol.pl\/index.php?rest_route=\/wp\/v2\/types\/post"}],"author":[{"embeddable":true,"href":"https:\/\/przedszkole12nowasol.pl\/index.php?rest_route=\/wp\/v2\/users\/1"}],"replies":[{"embeddable":true,"href":"https:\/\/przedszkole12nowasol.pl\/index.php?rest_route=%2Fwp%2Fv2%2Fcomments&post=785"}],"version-history":[{"count":1,"href":"https:\/\/przedszkole12nowasol.pl\/index.php?rest_route=\/wp\/v2\/posts\/785\/revisions"}],"predecessor-version":[{"id":787,"href":"https:\/\/przedszkole12nowasol.pl\/index.php?rest_route=\/wp\/v2\/posts\/785\/revisions\/787"}],"wp:attachment":[{"href":"https:\/\/przedszkole12nowasol.pl\/index.php?rest_route=%2Fwp%2Fv2%2Fmedia&parent=785"}],"wp:term":[{"taxonomy":"category","embeddable":true,"href":"https:\/\/przedszkole12nowasol.pl\/index.php?rest_route=%2Fwp%2Fv2%2Fcategories&post=785"},{"taxonomy":"post_tag","embeddable":true,"href":"https:\/\/przedszkole12nowasol.pl\/index.php?rest_route=%2Fwp%2Fv2%2Ftags&post=785"}],"curies":[{"name":"wp","href":"https:\/\/api.w.org\/{rel}","templated":true}]}}