{"id":791,"date":"2018-11-12T16:45:47","date_gmt":"2018-11-12T16:45:47","guid":{"rendered":"http:\/\/przedszkole12nowasol.pl\/?p=791"},"modified":"2018-11-12T19:06:59","modified_gmt":"2018-11-12T19:06:59","slug":"mali-patrioci-przedstawienie-na-100-lecie-niepodleglosci","status":"publish","type":"post","link":"https:\/\/przedszkole12nowasol.pl\/?p=791","title":{"rendered":"Mali Patrioci &#8211; uroczysto\u015b\u0107 na 100 lecie Niepodleg\u0142o\u015bci"},"content":{"rendered":"<p><img fetchpriority=\"high\" decoding=\"async\" class=\"alignnone size-full wp-image-793\" src=\"http:\/\/przedszkole12nowasol.pl\/wp-content\/uploads\/2018\/11\/IMG_4082.jpg\" alt=\"\" width=\"1800\" height=\"1200\" srcset=\"https:\/\/przedszkole12nowasol.pl\/wp-content\/uploads\/2018\/11\/IMG_4082.jpg 1800w, https:\/\/przedszkole12nowasol.pl\/wp-content\/uploads\/2018\/11\/IMG_4082-300x200.jpg 300w, https:\/\/przedszkole12nowasol.pl\/wp-content\/uploads\/2018\/11\/IMG_4082-768x512.jpg 768w, https:\/\/przedszkole12nowasol.pl\/wp-content\/uploads\/2018\/11\/IMG_4082-1024x683.jpg 1024w, https:\/\/przedszkole12nowasol.pl\/wp-content\/uploads\/2018\/11\/IMG_4082-450x300.jpg 450w\" sizes=\"(max-width: 1800px) 100vw, 1800px\" \/><\/p>\n<p><span style=\"font-size: 14pt;\"><strong>09.11.2018 r <\/strong>z okazji \u015awi\u0119ta Niepodleg\u0142o\u015bci dzieci 5-6 letnie\u00a0 zorganizowa\u0142y dla ca\u0142ej spo\u0142eczno\u015bci przedszkolnej uroczysto\u015b\u0107 ,\u00a0 mocno wzbogacon\u0105 muzyk\u0105, kt\u00f3ra budowa\u0142a nastr\u00f3j i emocje za spraw\u0105 ilustracji muzycznej Legendy o Bia\u0142ym Orle oraz piosenek \u015bci\u015ble zwi\u0105zanych tematycznie . W uroczysto\u015bci wykorzystano potencja\u0142 recytatorski i taneczny dzieci przy wykorzystaniu r\u00f3\u017cnych rekwizyt\u00f3w.<\/span><\/p>\n<p><span style=\"font-size: 14pt;\"><strong>Zapraszamy do obejrzenia zdj\u0119\u0107 w galerii w linku poni\u017cej:<\/strong><\/span><\/p>\n<p><a href=\"https:\/\/photos.app.goo.gl\/UdPkaz6PTWn3o5W28\">https:\/\/photos.app.goo.gl\/UdPkaz6PTWn3o5W28<\/a><\/p>\n<p>Zdj\u0119cia wykona\u0142y Pani Anna Rybarczyk i Pani Ewa Jakubowska<\/p>\n","protected":false},"excerpt":{"rendered":"<p>09.11.2018 r z okazji \u015awi\u0119ta Niepodleg\u0142o\u015bci dzieci 5-6 letnie\u00a0 zorganizowa\u0142y dla ca\u0142ej spo\u0142eczno\u015bci przedszkolnej uroczysto\u015b\u0107 ,\u00a0 mocno wzbogacon\u0105 muzyk\u0105, kt\u00f3ra budowa\u0142a nastr\u00f3j i emocje za spraw\u0105 ilustracji muzycznej Legendy o Bia\u0142ym Orle oraz piosenek \u015bci\u015ble zwi\u0105zanych tematycznie . W uroczysto\u015bci wykorzystano potencja\u0142 recytatorski i taneczny dzieci przy wykorzystaniu r\u00f3\u017cnych rekwizyt\u00f3w. &hellip;<\/p>\n","protected":false},"author":1,"featured_media":0,"comment_status":"closed","ping_status":"open","sticky":false,"template":"","format":"standard","meta":{"footnotes":""},"categories":[17],"tags":[],"class_list":["post-791","post","type-post","status-publish","format-standard","hentry","category-aktualnosci"],"_links":{"self":[{"href":"https:\/\/przedszkole12nowasol.pl\/index.php?rest_route=\/wp\/v2\/posts\/791","targetHints":{"allow":["GET"]}}],"collection":[{"href":"https:\/\/przedszkole12nowasol.pl\/index.php?rest_route=\/wp\/v2\/posts"}],"about":[{"href":"https:\/\/przedszkole12nowasol.pl\/index.php?rest_route=\/wp\/v2\/types\/post"}],"author":[{"embeddable":true,"href":"https:\/\/przedszkole12nowasol.pl\/index.php?rest_route=\/wp\/v2\/users\/1"}],"replies":[{"embeddable":true,"href":"https:\/\/przedszkole12nowasol.pl\/index.php?rest_route=%2Fwp%2Fv2%2Fcomments&post=791"}],"version-history":[{"count":2,"href":"https:\/\/przedszkole12nowasol.pl\/index.php?rest_route=\/wp\/v2\/posts\/791\/revisions"}],"predecessor-version":[{"id":795,"href":"https:\/\/przedszkole12nowasol.pl\/index.php?rest_route=\/wp\/v2\/posts\/791\/revisions\/795"}],"wp:attachment":[{"href":"https:\/\/przedszkole12nowasol.pl\/index.php?rest_route=%2Fwp%2Fv2%2Fmedia&parent=791"}],"wp:term":[{"taxonomy":"category","embeddable":true,"href":"https:\/\/przedszkole12nowasol.pl\/index.php?rest_route=%2Fwp%2Fv2%2Fcategories&post=791"},{"taxonomy":"post_tag","embeddable":true,"href":"https:\/\/przedszkole12nowasol.pl\/index.php?rest_route=%2Fwp%2Fv2%2Ftags&post=791"}],"curies":[{"name":"wp","href":"https:\/\/api.w.org\/{rel}","templated":true}]}}